{"id":278,"date":"2023-05-15T17:21:41","date_gmt":"2023-05-15T15:21:41","guid":{"rendered":"https:\/\/ev-ref-kirche-schwalenberg.de\/blog\/?p=278"},"modified":"2023-05-15T18:38:16","modified_gmt":"2023-05-15T16:38:16","slug":"andacht-2023-1","status":"publish","type":"post","link":"https:\/\/ev-ref-kirche-schwalenberg.de\/blog\/2023\/05\/15\/andacht-2023-1\/","title":{"rendered":"Andacht 2023-1"},"content":{"rendered":"<p>[et_pb_section fb_built=&#8220;1&#8243; admin_label=&#8220;Blog&#8220; _builder_version=&#8220;4.20.0&#8243; _module_preset=&#8220;default&#8220; background_color=&#8220;#FAF6F5&#8243; collapsed=&#8220;on&#8220; global_colors_info=&#8220;{}&#8220; theme_builder_area=&#8220;post_content&#8220;][et_pb_row _builder_version=&#8220;4.21.0&#8243; _module_preset=&#8220;default&#8220; global_colors_info=&#8220;{}&#8220; theme_builder_area=&#8220;post_content&#8220;][et_pb_column type=&#8220;4_4&#8243; _builder_version=&#8220;4.21.0&#8243; _module_preset=&#8220;default&#8220; global_colors_info=&#8220;{}&#8220; theme_builder_area=&#8220;post_content&#8220;][et_pb_text _builder_version=&#8220;4.21.0&#8243; _module_preset=&#8220;default&#8220; hover_enabled=&#8220;0&#8243; global_colors_info=&#8220;{}&#8220; theme_builder_area=&#8220;post_content&#8220; sticky_enabled=&#8220;0&#8243;]<\/p>\n<h3><span>Andacht<\/span> <span>2023-1<\/span><\/h3>\n<p><strong>Wer w\u00e4lzt uns den Stein von des Grabes T\u00fcr? (Markus 16,3)<\/strong><\/p>\n<p>Liebe Leserinnen un d Leser,<\/p>\n<p>vielleicht kennen Sie das auch: Immer liegt irgendwo ein Stein im Weg. Der macht mir schlaflose N\u00e4chte, l\u00e4sst mich gr\u00fcbeln? Wie kann ich dieses oder jenes Problem nur bew\u00e4ltigen?\u00a0Hauptsache, dies geht gut. Danach ist alles kein Problem. Aber diesen Stein, den muss ich irgendwie weggerollt kriegen.<\/p>\n<p>Mich fokussieren auf das, was mir M\u00fche macht. Vor einem Berg stehen. Das kennen viele Menschen.<\/p>\n<p>Auch bei den Frauen, die am Morgen das Grab Jesu besuchen wollen, liegt ein Stein im Weg.<\/p>\n<p>Wer w\u00e4lzt uns den Stein von des Grabes T\u00fcr? fragen sie sich voller Sorge.<\/p>\n<p>Und sicherlich haben sie auch die Nacht vorher kaum geschlafen. Doch dann\u2026als sie am Grab ankommen, siehe da: Der Stein ist weg!<\/p>\n<p>All ihre Sorgen haben sich in Luft aufgel\u00f6st.<\/p>\n<p>Auch das kenne ich: Ich habe mir wer wei\u00df was f\u00fcr einen Kopf gemacht, und pl\u00f6tzlich geht alles ganz leicht. Wo ich vorher Probleme gesehen habe, sind gar keine mehr. Es liegt kein Stein mehr im Weg. Unglaublich.<\/p>\n<p>Wer hat denn den Stein weggew\u00e4lzt?<\/p>\n<p>Wer ebnet mir, wer ebnet uns den Weg?<\/p>\n<p>Von dieser Erfahrung will ich manchmal etwas mitnehmen mir sagen:<\/p>\n<p>Mach dir keine Sorgen, es wird schon.<\/p>\n<p>Der Stein liegt nicht mehr da, die Frauen k\u00f6nnen direkt in Jesu Grab hineingehen. Und als sie ins Grab hineingehen, sitzt dort jemand. Wer das ist? Er wird wie ein Engel<br \/>beschrieben, jemand, der auf jeden Fall eine Nachricht von Gott bringt. Das ber\u00fchrt mich, dass dort im Grab jemand sitzt , der unmittelbar mit Gott zu tun hat. Denn an einem Grab zu stehen, an einem offenen Grab, in das Urne oder Sarg versenkt werden, ist schwer. Und wenn einem der oder die Verstorbene nahestand, ist es manchmal kaum auszuhalten. Dieser Abbruch des Lebens, dieses Begraben. Es ist schlimm. Und ich wei\u00df: Ich will das<br \/>gar nicht erleben, zumindest nicht immer wieder erleben.<\/p>\n<p>Aber Ostern sehe ich: Gott selbst ist im Grab. Er hinterl\u00e4sst uns dort eine Nachricht.\u00a0<\/p>\n<p>Das finde ich ungeheuer bewegend: Am Ort des Todes, an dem Ort, der mir am meisten M\u00fche und Kummer macht, ist Gott. Wenn ich mir das \u00fcberlege, dann werden meine Zweifel und Unzufriedenheiten klein. Ich sage:\u00a0 Ach, Gott, ich will dir keine Vorw\u00fcrfe mehr machen, dir nicht mehr vorhalten, dass du hier oder da nicht gewesen sein k\u00f6nntest. Denn Hauptsache du bist dort: Am Ort des Todes. Daf\u00fcr nehme ich gern in Kauf, dass ich dich manchmal nicht finde. Aber wenn ich wei\u00df, du bist dort, wo sie meine Lieben hingelegt haben, wenn ich wei\u00df du bist im Grab, dann soll mir das fast schon genug sein. Direkt am Ort des Todes bist du.<\/p>\n<p>Ich w\u00fcnsche Ihnen eine gesegnete Osterzeit.<\/p>\n<p>Herzlichst Ihre,<br \/>Pfarrerin Margret Noltensmeier<\/p>\n<p>[\/et_pb_text][\/et_pb_column][\/et_pb_row][\/et_pb_section]<\/p>\n","protected":false},"excerpt":{"rendered":"<p>Andacht 2023-1 Wer w\u00e4lzt uns den Stein von des Grabes T\u00fcr? (Markus 16,3) Liebe Leserinnen un d Leser, vielleicht kennen Sie das auch: Immer liegt irgendwo ein Stein im Weg. Der macht mir schlaflose N\u00e4chte, l\u00e4sst mich gr\u00fcbeln? Wie kann ich dieses oder jenes Problem nur bew\u00e4ltigen?\u00a0Hauptsache, dies geht gut. Danach ist alles kein Problem. [&hellip;]<\/p>\n","protected":false},"author":1,"featured_media":279,"comment_status":"closed","ping_status":"closed","sticky":false,"template":"","format":"standard","meta":{"_et_pb_use_builder":"on","_et_pb_old_content":"","_et_gb_content_width":"","footnotes":""},"categories":[8],"tags":[],"class_list":["post-278","post","type-post","status-publish","format-standard","has-post-thumbnail","hentry","category-andacht"],"_links":{"self":[{"href":"https:\/\/ev-ref-kirche-schwalenberg.de\/blog\/wp-json\/wp\/v2\/posts\/278","targetHints":{"allow":["GET"]}}],"collection":[{"href":"https:\/\/ev-ref-kirche-schwalenberg.de\/blog\/wp-json\/wp\/v2\/posts"}],"about":[{"href":"https:\/\/ev-ref-kirche-schwalenberg.de\/blog\/wp-json\/wp\/v2\/types\/post"}],"author":[{"embeddable":true,"href":"https:\/\/ev-ref-kirche-schwalenberg.de\/blog\/wp-json\/wp\/v2\/users\/1"}],"replies":[{"embeddable":true,"href":"https:\/\/ev-ref-kirche-schwalenberg.de\/blog\/wp-json\/wp\/v2\/comments?post=278"}],"version-history":[{"count":2,"href":"https:\/\/ev-ref-kirche-schwalenberg.de\/blog\/wp-json\/wp\/v2\/posts\/278\/revisions"}],"predecessor-version":[{"id":281,"href":"https:\/\/ev-ref-kirche-schwalenberg.de\/blog\/wp-json\/wp\/v2\/posts\/278\/revisions\/281"}],"wp:featuredmedia":[{"embeddable":true,"href":"https:\/\/ev-ref-kirche-schwalenberg.de\/blog\/wp-json\/wp\/v2\/media\/279"}],"wp:attachment":[{"href":"https:\/\/ev-ref-kirche-schwalenberg.de\/blog\/wp-json\/wp\/v2\/media?parent=278"}],"wp:term":[{"taxonomy":"category","embeddable":true,"href":"https:\/\/ev-ref-kirche-schwalenberg.de\/blog\/wp-json\/wp\/v2\/categories?post=278"},{"taxonomy":"post_tag","embeddable":true,"href":"https:\/\/ev-ref-kirche-schwalenberg.de\/blog\/wp-json\/wp\/v2\/tags?post=278"}],"curies":[{"name":"wp","href":"https:\/\/api.w.org\/{rel}","templated":true}]}}