{"id":291,"date":"2023-05-15T17:37:55","date_gmt":"2023-05-15T15:37:55","guid":{"rendered":"https:\/\/ev-ref-kirche-schwalenberg.de\/blog\/?p=291"},"modified":"2023-05-15T18:37:57","modified_gmt":"2023-05-15T16:37:57","slug":"gebet-fuer-unsere-partnerkirche-gelc-indien","status":"publish","type":"post","link":"https:\/\/ev-ref-kirche-schwalenberg.de\/blog\/2023\/05\/15\/gebet-fuer-unsere-partnerkirche-gelc-indien\/","title":{"rendered":"Gebet f\u00fcr unsere Partnerkirche GELC (Indien)"},"content":{"rendered":"<p>[et_pb_section fb_built=&#8220;1&#8243; admin_label=&#8220;Blog&#8220; _builder_version=&#8220;4.20.0&#8243; _module_preset=&#8220;default&#8220; background_color=&#8220;#FAF6F5&#8243; collapsed=&#8220;on&#8220; global_colors_info=&#8220;{}&#8220; theme_builder_area=&#8220;post_content&#8220;][et_pb_row _builder_version=&#8220;4.21.0&#8243; _module_preset=&#8220;default&#8220; global_colors_info=&#8220;{}&#8220; theme_builder_area=&#8220;post_content&#8220;][et_pb_column type=&#8220;4_4&#8243; _builder_version=&#8220;4.21.0&#8243; _module_preset=&#8220;default&#8220; global_colors_info=&#8220;{}&#8220; theme_builder_area=&#8220;post_content&#8220;][et_pb_text _builder_version=&#8220;4.21.0&#8243; _module_preset=&#8220;default&#8220; hover_enabled=&#8220;0&#8243; global_colors_info=&#8220;{}&#8220; theme_builder_area=&#8220;post_content&#8220; sticky_enabled=&#8220;0&#8243;]<\/p>\n<p>G\u00fctiger Gott,<\/p>\n<p>in Indien leben viele Menschen unter dem Existenzminimum, besonders die Tagel\u00f6hner und Wanderarbeiter.<\/p>\n<p>Aber auch andere Menschen, v.a. die indigenen Bev\u00f6lkerungsgruppen, von denen viele zur Gossnerkirche geh\u00f6ren, sind Diskriminierung und Marginalisierung ausgesetzt.<\/p>\n<p>Gib, dass sich Hass und Ausgrenzung nicht versch\u00e4rfen.<\/p>\n<p>Danke, dass unsere Partner die Kraft finden, f\u00fcr die noch schlechter Gestellten zu sorgen.<\/p>\n<p>Schenke ihnen immer wieder neuen Mut, weiterzumachen.<\/p>\n<p><em>Jesus Christus, hilf denen, die krank sind und im schlecht ausgestatteten Gesundheitssystem ohnehin schon zu k\u00e4mpfen haben.<\/em><br \/><em>Und st\u00e4rke die, die in der staatlichen und kirchlichen F\u00fcrsorge und Pflege t\u00e4tig sind, erhalte ihre Gesundheit.<\/em><br \/><em>Gib den Menschen in der Kirche immer wieder neue Kraft, die fehlende direkte Gemeinschaft durch kreative Ideen auszugleichen.<\/em><\/p>\n<p>Amen<o:p><\/o:p><\/p>\n<p>[\/et_pb_text][\/et_pb_column][\/et_pb_row][\/et_pb_section]<\/p>\n","protected":false},"excerpt":{"rendered":"<p>G\u00fctiger Gott, in Indien leben viele Menschen unter dem Existenzminimum, besonders die Tagel\u00f6hner und Wanderarbeiter. Aber auch andere Menschen, v.a. die indigenen Bev\u00f6lkerungsgruppen, von denen viele zur Gossnerkirche geh\u00f6ren, sind Diskriminierung und Marginalisierung ausgesetzt. Gib, dass sich Hass und Ausgrenzung nicht versch\u00e4rfen. Danke, dass unsere Partner die Kraft finden, f\u00fcr die noch schlechter Gestellten zu [&hellip;]<\/p>\n","protected":false},"author":1,"featured_media":202,"comment_status":"closed","ping_status":"closed","sticky":false,"template":"","format":"standard","meta":{"_et_pb_use_builder":"on","_et_pb_old_content":"","_et_gb_content_width":"","footnotes":""},"categories":[9],"tags":[],"class_list":["post-291","post","type-post","status-publish","format-standard","has-post-thumbnail","hentry","category-gebete"],"_links":{"self":[{"href":"https:\/\/ev-ref-kirche-schwalenberg.de\/blog\/wp-json\/wp\/v2\/posts\/291","targetHints":{"allow":["GET"]}}],"collection":[{"href":"https:\/\/ev-ref-kirche-schwalenberg.de\/blog\/wp-json\/wp\/v2\/posts"}],"about":[{"href":"https:\/\/ev-ref-kirche-schwalenberg.de\/blog\/wp-json\/wp\/v2\/types\/post"}],"author":[{"embeddable":true,"href":"https:\/\/ev-ref-kirche-schwalenberg.de\/blog\/wp-json\/wp\/v2\/users\/1"}],"replies":[{"embeddable":true,"href":"https:\/\/ev-ref-kirche-schwalenberg.de\/blog\/wp-json\/wp\/v2\/comments?post=291"}],"version-history":[{"count":2,"href":"https:\/\/ev-ref-kirche-schwalenberg.de\/blog\/wp-json\/wp\/v2\/posts\/291\/revisions"}],"predecessor-version":[{"id":293,"href":"https:\/\/ev-ref-kirche-schwalenberg.de\/blog\/wp-json\/wp\/v2\/posts\/291\/revisions\/293"}],"wp:featuredmedia":[{"embeddable":true,"href":"https:\/\/ev-ref-kirche-schwalenberg.de\/blog\/wp-json\/wp\/v2\/media\/202"}],"wp:attachment":[{"href":"https:\/\/ev-ref-kirche-schwalenberg.de\/blog\/wp-json\/wp\/v2\/media?parent=291"}],"wp:term":[{"taxonomy":"category","embeddable":true,"href":"https:\/\/ev-ref-kirche-schwalenberg.de\/blog\/wp-json\/wp\/v2\/categories?post=291"},{"taxonomy":"post_tag","embeddable":true,"href":"https:\/\/ev-ref-kirche-schwalenberg.de\/blog\/wp-json\/wp\/v2\/tags?post=291"}],"curies":[{"name":"wp","href":"https:\/\/api.w.org\/{rel}","templated":true}]}}