{"id":294,"date":"2023-05-15T17:39:33","date_gmt":"2023-05-15T15:39:33","guid":{"rendered":"https:\/\/ev-ref-kirche-schwalenberg.de\/blog\/?p=294"},"modified":"2023-05-15T18:37:50","modified_gmt":"2023-05-15T16:37:50","slug":"gebet-fuer-unsere-partnerkirchen-in-litauen","status":"publish","type":"post","link":"https:\/\/ev-ref-kirche-schwalenberg.de\/blog\/2023\/05\/15\/gebet-fuer-unsere-partnerkirchen-in-litauen\/","title":{"rendered":"Gebet f\u00fcr unsere Partnerkirchen in Litauen"},"content":{"rendered":"<p>[et_pb_section fb_built=&#8220;1&#8243; admin_label=&#8220;Blog&#8220; _builder_version=&#8220;4.20.0&#8243; _module_preset=&#8220;default&#8220; background_color=&#8220;#FAF6F5&#8243; collapsed=&#8220;on&#8220; global_colors_info=&#8220;{}&#8220; theme_builder_area=&#8220;post_content&#8220;][et_pb_row _builder_version=&#8220;4.21.0&#8243; _module_preset=&#8220;default&#8220; hover_enabled=&#8220;0&#8243; global_colors_info=&#8220;{}&#8220; theme_builder_area=&#8220;post_content&#8220; sticky_enabled=&#8220;0&#8243;][et_pb_column type=&#8220;4_4&#8243; _builder_version=&#8220;4.21.0&#8243; _module_preset=&#8220;default&#8220; global_colors_info=&#8220;{}&#8220; theme_builder_area=&#8220;post_content&#8220;][et_pb_text _builder_version=&#8220;4.21.0&#8243; _module_preset=&#8220;default&#8220; hover_enabled=&#8220;0&#8243; global_colors_info=&#8220;{}&#8220; theme_builder_area=&#8220;post_content&#8220; sticky_enabled=&#8220;0&#8243;]<\/p>\n<p>G\u00fctiger Gott,<\/p>\n<p>unsere Partnerkirchen in Litauen sind klein und befinden sich in einer ohnehin schwierigen Diaspora-Situation.<br \/>Schenke, dass sich diese Lage in der Krise nicht versch\u00e4rft, sondern wom\u00f6glich zu neuer Solidarit\u00e4t und kirchlicher Gemeinschaft f\u00fchrt.<\/p>\n<p><em>Jesus Christus, steh Du den an Covid-19 Erkrankten bei und auch denen, die sie versorgen.<\/em><br \/><em>Er\u00f6ffne neue M\u00f6glichkeiten, auch in finanzieller Hinsicht, damit gute und gelingende Projekte in beiden Kirchen auch in Zukunft weitergef\u00fchrt werden und die Initiativen zur akuten Notlinderung bestehen bleiben k\u00f6nnen.<\/em><\/p>\n<p><em>Und gib den Menschen immer wieder neuen Ideenreichtum, um sich gegenseitig beizustehen, auch wenn direkte Treffen nicht m\u00f6glich sind.<\/em><\/p>\n<p>Amen<o:p><\/o:p><\/p>\n<p>[\/et_pb_text][\/et_pb_column][\/et_pb_row][\/et_pb_section]<\/p>\n","protected":false},"excerpt":{"rendered":"<p>G\u00fctiger Gott, unsere Partnerkirchen in Litauen sind klein und befinden sich in einer ohnehin schwierigen Diaspora-Situation.Schenke, dass sich diese Lage in der Krise nicht versch\u00e4rft, sondern wom\u00f6glich zu neuer Solidarit\u00e4t und kirchlicher Gemeinschaft f\u00fchrt. Jesus Christus, steh Du den an Covid-19 Erkrankten bei und auch denen, die sie versorgen.Er\u00f6ffne neue M\u00f6glichkeiten, auch in finanzieller Hinsicht, [&hellip;]<\/p>\n","protected":false},"author":1,"featured_media":202,"comment_status":"closed","ping_status":"closed","sticky":false,"template":"","format":"standard","meta":{"_et_pb_use_builder":"on","_et_pb_old_content":"","_et_gb_content_width":"","footnotes":""},"categories":[9],"tags":[],"class_list":["post-294","post","type-post","status-publish","format-standard","has-post-thumbnail","hentry","category-gebete"],"_links":{"self":[{"href":"https:\/\/ev-ref-kirche-schwalenberg.de\/blog\/wp-json\/wp\/v2\/posts\/294","targetHints":{"allow":["GET"]}}],"collection":[{"href":"https:\/\/ev-ref-kirche-schwalenberg.de\/blog\/wp-json\/wp\/v2\/posts"}],"about":[{"href":"https:\/\/ev-ref-kirche-schwalenberg.de\/blog\/wp-json\/wp\/v2\/types\/post"}],"author":[{"embeddable":true,"href":"https:\/\/ev-ref-kirche-schwalenberg.de\/blog\/wp-json\/wp\/v2\/users\/1"}],"replies":[{"embeddable":true,"href":"https:\/\/ev-ref-kirche-schwalenberg.de\/blog\/wp-json\/wp\/v2\/comments?post=294"}],"version-history":[{"count":2,"href":"https:\/\/ev-ref-kirche-schwalenberg.de\/blog\/wp-json\/wp\/v2\/posts\/294\/revisions"}],"predecessor-version":[{"id":296,"href":"https:\/\/ev-ref-kirche-schwalenberg.de\/blog\/wp-json\/wp\/v2\/posts\/294\/revisions\/296"}],"wp:featuredmedia":[{"embeddable":true,"href":"https:\/\/ev-ref-kirche-schwalenberg.de\/blog\/wp-json\/wp\/v2\/media\/202"}],"wp:attachment":[{"href":"https:\/\/ev-ref-kirche-schwalenberg.de\/blog\/wp-json\/wp\/v2\/media?parent=294"}],"wp:term":[{"taxonomy":"category","embeddable":true,"href":"https:\/\/ev-ref-kirche-schwalenberg.de\/blog\/wp-json\/wp\/v2\/categories?post=294"},{"taxonomy":"post_tag","embeddable":true,"href":"https:\/\/ev-ref-kirche-schwalenberg.de\/blog\/wp-json\/wp\/v2\/tags?post=294"}],"curies":[{"name":"wp","href":"https:\/\/api.w.org\/{rel}","templated":true}]}}