{"id":303,"date":"2023-05-15T17:42:41","date_gmt":"2023-05-15T15:42:41","guid":{"rendered":"https:\/\/ev-ref-kirche-schwalenberg.de\/blog\/?p=303"},"modified":"2023-05-15T18:37:09","modified_gmt":"2023-05-15T16:37:09","slug":"gebet-fuer-unsere-partnerkirche-in-ungarn","status":"publish","type":"post","link":"https:\/\/ev-ref-kirche-schwalenberg.de\/blog\/2023\/05\/15\/gebet-fuer-unsere-partnerkirche-in-ungarn\/","title":{"rendered":"Gebet f\u00fcr unsere Partnerkirche in Ungarn"},"content":{"rendered":"<p>[et_pb_section fb_built=&#8220;1&#8243; theme_builder_area=&#8220;post_content&#8220; _builder_version=&#8220;4.21.0&#8243; _module_preset=&#8220;default&#8220;][et_pb_row _builder_version=&#8220;4.21.0&#8243; _module_preset=&#8220;default&#8220; theme_builder_area=&#8220;post_content&#8220;][et_pb_column _builder_version=&#8220;4.21.0&#8243; _module_preset=&#8220;default&#8220; type=&#8220;4_4&#8243; theme_builder_area=&#8220;post_content&#8220;][et_pb_text _builder_version=&#8220;4.21.0&#8243; _module_preset=&#8220;default&#8220; theme_builder_area=&#8220;post_content&#8220; hover_enabled=&#8220;0&#8243; sticky_enabled=&#8220;0&#8243;]<\/p>\n<p>G\u00fctiger Gott,<br \/>wir bitten dich darum, dass die Menschen, die in unserer Partnerkirche unerm\u00fcdlich f\u00fcr Bed\u00fcrftige in der Corona-Krise t\u00e4tig sind, nicht die Kraft verlieren.<br \/>Schenke ihnen t\u00e4glich neuen Mut und neue St\u00e4rke bei dem, was sie tun.<br \/>Gib ihnen auch die Kraft, die politischen und gesellschaftlichen Ver\u00e4nderungen wahrzunehmen und kritisch zu begleiten, zu denen der Kampf gegen die Corona-Pandemie f\u00fchrt.<\/p>\n<p><em>Jesus Christus, lass denjenigen, die kreativ und mit immer neuen Ideen Begegnungen von Gl\u00e4ubigen auch ohne Gottesdienstfeiern in Kirchen erm\u00f6glichen und virtuelle Seelsorge anbieten, den Erfindungsgeist nicht ausgehen.<\/em><\/p>\n<p>Amen<o:p><\/o:p><\/p>\n<p>[\/et_pb_text][\/et_pb_column][\/et_pb_row][\/et_pb_section]<\/p>\n","protected":false},"excerpt":{"rendered":"<p>G\u00fctiger Gott,wir bitten dich darum, dass die Menschen, die in unserer Partnerkirche unerm\u00fcdlich f\u00fcr Bed\u00fcrftige in der Corona-Krise t\u00e4tig sind, nicht die Kraft verlieren.Schenke ihnen t\u00e4glich neuen Mut und neue St\u00e4rke bei dem, was sie tun.Gib ihnen auch die Kraft, die politischen und gesellschaftlichen Ver\u00e4nderungen wahrzunehmen und kritisch zu begleiten, zu denen der Kampf gegen [&hellip;]<\/p>\n","protected":false},"author":1,"featured_media":202,"comment_status":"closed","ping_status":"closed","sticky":false,"template":"","format":"standard","meta":{"_et_pb_use_builder":"on","_et_pb_old_content":"","_et_gb_content_width":"","footnotes":""},"categories":[9],"tags":[],"class_list":["post-303","post","type-post","status-publish","format-standard","has-post-thumbnail","hentry","category-gebete"],"_links":{"self":[{"href":"https:\/\/ev-ref-kirche-schwalenberg.de\/blog\/wp-json\/wp\/v2\/posts\/303","targetHints":{"allow":["GET"]}}],"collection":[{"href":"https:\/\/ev-ref-kirche-schwalenberg.de\/blog\/wp-json\/wp\/v2\/posts"}],"about":[{"href":"https:\/\/ev-ref-kirche-schwalenberg.de\/blog\/wp-json\/wp\/v2\/types\/post"}],"author":[{"embeddable":true,"href":"https:\/\/ev-ref-kirche-schwalenberg.de\/blog\/wp-json\/wp\/v2\/users\/1"}],"replies":[{"embeddable":true,"href":"https:\/\/ev-ref-kirche-schwalenberg.de\/blog\/wp-json\/wp\/v2\/comments?post=303"}],"version-history":[{"count":2,"href":"https:\/\/ev-ref-kirche-schwalenberg.de\/blog\/wp-json\/wp\/v2\/posts\/303\/revisions"}],"predecessor-version":[{"id":305,"href":"https:\/\/ev-ref-kirche-schwalenberg.de\/blog\/wp-json\/wp\/v2\/posts\/303\/revisions\/305"}],"wp:featuredmedia":[{"embeddable":true,"href":"https:\/\/ev-ref-kirche-schwalenberg.de\/blog\/wp-json\/wp\/v2\/media\/202"}],"wp:attachment":[{"href":"https:\/\/ev-ref-kirche-schwalenberg.de\/blog\/wp-json\/wp\/v2\/media?parent=303"}],"wp:term":[{"taxonomy":"category","embeddable":true,"href":"https:\/\/ev-ref-kirche-schwalenberg.de\/blog\/wp-json\/wp\/v2\/categories?post=303"},{"taxonomy":"post_tag","embeddable":true,"href":"https:\/\/ev-ref-kirche-schwalenberg.de\/blog\/wp-json\/wp\/v2\/tags?post=303"}],"curies":[{"name":"wp","href":"https:\/\/api.w.org\/{rel}","templated":true}]}}