{"id":508,"date":"2023-10-12T09:47:27","date_gmt":"2023-10-12T07:47:27","guid":{"rendered":"https:\/\/ev-ref-kirche-schwalenberg.de\/blog\/?p=508"},"modified":"2023-10-12T09:58:15","modified_gmt":"2023-10-12T07:58:15","slug":"andacht-10-11-2023","status":"publish","type":"post","link":"https:\/\/ev-ref-kirche-schwalenberg.de\/blog\/2023\/10\/12\/andacht-10-11-2023\/","title":{"rendered":"Andacht 10-11.2023"},"content":{"rendered":"<p>[et_pb_section fb_built=&#8220;1&#8243; _builder_version=&#8220;4.22.2&#8243; _module_preset=&#8220;default&#8220; global_colors_info=&#8220;{}&#8220;][et_pb_row _builder_version=&#8220;4.22.2&#8243; _module_preset=&#8220;default&#8220; global_colors_info=&#8220;{}&#8220;][et_pb_column type=&#8220;4_4&#8243; _builder_version=&#8220;4.22.2&#8243; _module_preset=&#8220;default&#8220; global_colors_info=&#8220;{}&#8220;][et_pb_text _builder_version=&#8220;4.22.2&#8243; _module_preset=&#8220;default&#8220; hover_enabled=&#8220;0&#8243; global_colors_info=&#8220;{}&#8220; sticky_enabled=&#8220;0&#8243;]<\/p>\n<h3><strong>Die auf den Herrn sehen, werden strahlen vor Freude, und ihr Angesicht soll nicht schamrot werden<br \/>(Psalm 34, Vers 6).<\/strong><\/h3>\n<p>Liebe Gemeinde,<\/p>\n<p>Scham ist ein starkes Gef\u00fchl.<br \/>Ich sp\u00fcre es k\u00f6rperlich. Die Bibel benennt eine von vielen m\u00f6glichen k\u00f6rperlichen Reaktionen:<br \/>Ich werde rot, mir steigt die Schamesr\u00f6te ins Gesicht. Und obwohl ich das selbst nicht sehen kann, weil ich in der Regel mein Gesicht nicht sehe, erkenne ich, wenn es passiert.<br \/>Meine Scham kann ich aber auch in der Magengegend sp\u00fcren oder als Klo\u00df im Hals. Manchen Menschen wird ganz kalt oder hei\u00df, jeder, jede reagiert anders. Aber deutlich wird: Scham ist ein starkes Gef\u00fchl, das sich schlecht aushalten l\u00e4sst.<\/p>\n<p>Und mit wem rede ich \u00fcber meine Scham?<\/p>\n<p>Die kleine Schwester der Scham ist die Peinlichkeit. Mit ihr l\u00e4sst es sich schon leichter umgehen:<\/p>\n<p>Ich kann dir sagen, das war mir sooo peinlich! Dieser Satz geht schon leichter \u00fcber die Lippen.<br \/>Aber: Ich sch\u00e4me mich? Das f\u00e4llt mir schwer, jemandem das anzuvertrauen.<br \/>Wof\u00fcr sch\u00e4me ich mich?<br \/>Und muss ich mich f\u00fcr bestimmte Dinge wirklich sch\u00e4men?<br \/>Oftmals sch\u00e4men sich Menschen, weil sie sich von anderen besch\u00e4mt f\u00fchlen. Wegen Ihrer Krankheit, wegen einer Sucht, oder weil sie einfach nicht den normalen Standards entsprechen. Scham entsteht, wenn ich besch\u00e4mt werde. Besch\u00e4mt zu werden ist sehr verletzend. Manchmal reicht eine dahin geworfene, vielleicht nicht<br \/>ganz eindeutige Bemerkung eines Anderen und ich f\u00fchle mich bei einer Schwachstelle \u201aertappt\u2018 und blo\u00dfgestellt. Sofort scheint meine Schw\u00e4che \u00f6ffentlich gemacht, und ich bin besch\u00e4mt.<\/p>\n<p>Wie sch\u00f6n ist es, wenn ich demgegen\u00fcber dann den 34. Psalm lese. Wenn ich Gott begegne, muss ich mich f\u00fcr nichts sch\u00e4men. Er liebt mich auch mit meinen Schw\u00e4chen. Auch wenn ich anders bin und nicht in allen Lebensbereichen perfekt, muss ich mich daf\u00fcr nicht sch\u00e4men. Und von ihm lerne ich, achtsamer mit meinen Worten und meiner Ausdrucksweise umzugehen, so dass ich andere nicht besch\u00e4me.<\/p>\n<p>Neulich h\u00f6rte ich in einer Andacht die Idee, noch ein elftes Gebot \u201aeinzuf\u00fchren\u2018: Du sollst niemanden besch\u00e4men!<\/p>\n<p>Diese Idee hat mich nachdenklich gemacht.<br \/>Ich w\u00fcnsche Ihnen eine gute Zeit und gr\u00fc\u00dfe Sie von hier aus.<\/p>\n<p>Pfarrerin Margret Noltensmeier<\/p>\n<p>[\/et_pb_text][\/et_pb_column][\/et_pb_row][\/et_pb_section]<\/p>\n","protected":false},"excerpt":{"rendered":"<p>Die auf den Herrn sehen, werden strahlen vor Freude, und ihr Angesicht soll nicht schamrot werden(Psalm 34, Vers 6). Liebe Gemeinde, Scham ist ein starkes Gef\u00fchl.Ich sp\u00fcre es k\u00f6rperlich. Die Bibel benennt eine von vielen m\u00f6glichen k\u00f6rperlichen Reaktionen:Ich werde rot, mir steigt die Schamesr\u00f6te ins Gesicht. Und obwohl ich das selbst nicht sehen kann, weil [&hellip;]<\/p>\n","protected":false},"author":1,"featured_media":514,"comment_status":"closed","ping_status":"closed","sticky":false,"template":"","format":"standard","meta":{"_et_pb_use_builder":"on","_et_pb_old_content":"","_et_gb_content_width":"","footnotes":""},"categories":[8],"tags":[],"class_list":["post-508","post","type-post","status-publish","format-standard","has-post-thumbnail","hentry","category-andacht"],"_links":{"self":[{"href":"https:\/\/ev-ref-kirche-schwalenberg.de\/blog\/wp-json\/wp\/v2\/posts\/508","targetHints":{"allow":["GET"]}}],"collection":[{"href":"https:\/\/ev-ref-kirche-schwalenberg.de\/blog\/wp-json\/wp\/v2\/posts"}],"about":[{"href":"https:\/\/ev-ref-kirche-schwalenberg.de\/blog\/wp-json\/wp\/v2\/types\/post"}],"author":[{"embeddable":true,"href":"https:\/\/ev-ref-kirche-schwalenberg.de\/blog\/wp-json\/wp\/v2\/users\/1"}],"replies":[{"embeddable":true,"href":"https:\/\/ev-ref-kirche-schwalenberg.de\/blog\/wp-json\/wp\/v2\/comments?post=508"}],"version-history":[{"count":5,"href":"https:\/\/ev-ref-kirche-schwalenberg.de\/blog\/wp-json\/wp\/v2\/posts\/508\/revisions"}],"predecessor-version":[{"id":516,"href":"https:\/\/ev-ref-kirche-schwalenberg.de\/blog\/wp-json\/wp\/v2\/posts\/508\/revisions\/516"}],"wp:featuredmedia":[{"embeddable":true,"href":"https:\/\/ev-ref-kirche-schwalenberg.de\/blog\/wp-json\/wp\/v2\/media\/514"}],"wp:attachment":[{"href":"https:\/\/ev-ref-kirche-schwalenberg.de\/blog\/wp-json\/wp\/v2\/media?parent=508"}],"wp:term":[{"taxonomy":"category","embeddable":true,"href":"https:\/\/ev-ref-kirche-schwalenberg.de\/blog\/wp-json\/wp\/v2\/categories?post=508"},{"taxonomy":"post_tag","embeddable":true,"href":"https:\/\/ev-ref-kirche-schwalenberg.de\/blog\/wp-json\/wp\/v2\/tags?post=508"}],"curies":[{"name":"wp","href":"https:\/\/api.w.org\/{rel}","templated":true}]}}