{"id":689,"date":"2024-12-04T16:03:41","date_gmt":"2024-12-04T15:03:41","guid":{"rendered":"https:\/\/ev-ref-kirche-schwalenberg.de\/blog\/?p=689"},"modified":"2024-12-04T16:04:20","modified_gmt":"2024-12-04T15:04:20","slug":"andacht-12-2024","status":"publish","type":"post","link":"https:\/\/ev-ref-kirche-schwalenberg.de\/blog\/2024\/12\/04\/andacht-12-2024\/","title":{"rendered":"Andacht 12.2024"},"content":{"rendered":"\n[et_pb_section fb_built=&#8220;1&#8243; _builder_version=&#8220;4.22.2&#8243; _module_preset=&#8220;default&#8220; global_colors_info=&#8220;{}&#8220; theme_builder_area=&#8220;post_content&#8220;][et_pb_row _builder_version=&#8220;4.22.2&#8243; _module_preset=&#8220;default&#8220; global_colors_info=&#8220;{}&#8220; theme_builder_area=&#8220;post_content&#8220;][et_pb_column type=&#8220;4_4&#8243; _builder_version=&#8220;4.22.2&#8243; _module_preset=&#8220;default&#8220; global_colors_info=&#8220;{}&#8220; theme_builder_area=&#8220;post_content&#8220;][et_pb_text _builder_version=&#8220;4.27.4&#8243; _module_preset=&#8220;default&#8220; hover_enabled=&#8220;0&#8243; global_colors_info=&#8220;{}&#8220; theme_builder_area=&#8220;post_content&#8220; sticky_enabled=&#8220;0&#8243;]<h3>Mache dich auf, werde licht; denn dein Licht kommt und die<br \/>Herrlichkeit des HERRN geht auf \u00fcber dir.<br \/>(Jesaja 60, 1)<\/h3>\n<p>Liebe Gemeinde,<\/p>\n<p>das Symbol des Lichts fasziniert mich immer mehr. Vielleicht weil mir immer klarer wird, dass es<br \/>auch in der gr\u00f6\u00dften Dunkelheit immer ein- und sei es noch so kleines \u2013 Licht gibt. Die Dunkelheit<br \/>ist niemals total, sie wird mich nicht verschlingen, sondern das Licht wird sich immer einen<br \/>Weg auch durch finsterste Zeiten bahnen.<\/p>\n<p>Ganz neu entdeckt habe ich neulich, dass das Symbol des Lichts ja wirklich universal ist. Auf<br \/>der ganzen Welt und in vielen Religionen ist die Bedeutung des Lichtes \u00e4hnlich. Es weist auf die<br \/>Gegenwart des G\u00f6ttlichen in unserer Welt, in unserem Leben hin. Im Hinduismus zum Beispiel<br \/>feiert man das Lichterfest Diwali. Dazu werden in vielen Regionen Indiens kleine \u00d6ll\u00e4mpchen<br \/>angez\u00fcndet, die &#8211; neben anderem &#8211; ein Zeichen daf\u00fcr sind, dass in jedem Menschen ein ewiges<br \/>g\u00f6ttliches Licht leuchtet.<\/p>\n<p>Jetzt in dieser dunklen Zeit, in der die N\u00e4chte weitaus l\u00e4nger sind also die Tage, achte ich mehr<br \/>auf das Licht, das von au\u00dfen kommt. Wie sch\u00f6n ist es, die ersten Lichter der Vorweihnachtszeit<br \/>zu sehen, wie selbstverst\u00e4ndlich z\u00fcnde ich morgens gerne eine Kerze an, um mir in ihrem Schein<br \/>Gedanken \u00fcber den vor mir liegenden Tag zu machen. Gottes Licht kommt in die Welt: das ist<br \/>unser Glaube und unsere Zuversicht im Advent. Gott macht sich auf den Weg zu uns Menschen.<\/p>\n<p>Er kommt \u2013 aber gleichzeitig ist er auch schon da. Das g\u00f6ttliche Licht scheint schon jetzt in der<br \/>Finsternis und in jedem und jeder von uns. Wie oft kann man das entdecken und dar\u00fcber<br \/>staunen, dass Gottes Licht aus einem anderen Menschen herausstrahlt? Wie oft habe ich schon<br \/>erlebt, dass ein anderer Mensch ein Licht f\u00fcr mich angez\u00fcndet hat, als ich mich ziemlich am<br \/>Boden gef\u00fchlt habe?<\/p>\n<p>Vielleicht k\u00f6nnen wir diesen Advent zu einer Entdeckungsreise zum Licht (Gottes) machen.<br \/>Wo \u00fcberall werde ich es entdecken k\u00f6nnen, in meinem Gegen\u00fcber oder in den Geschehnissen<br \/>des Tages?<br \/>Und wenn ich das Licht suche und voller Zuversicht und Hoffnung bin, dass es da ist, dann<br \/>strahle ich selbst- so glaube ich \u2013 etwas von dem Licht aus. Dann werde ich \u2013 wie Jesaja sagt<br \/>\u201alicht\u2018. \u201eMache dich auf, werde licht; denn dein Licht kommt.\u201c<\/p>\n<p>Vielleicht passen dazu zwei Gedanken, die ich in den letzten Wochen gelesen habe: Wenn du f\u00fcr<br \/>einen anderen ein Licht anz\u00fcndest, wird es auch deinen eigenen Pfad erhellen.<br \/>Und: Z\u00fcnde die Kerze an und warte auf deinen Weg.<\/p>\n<p>In diesem Sinne w\u00fcnsche ich ihnen eine gesegnete Advents- und<br \/>Weihnachtszeit und einen gesegneten Start in 2025.<\/p>\n<p>Herzlichst Ihre<br \/>Pfarrerin Margret Noltensmeier<\/p>[\/et_pb_text][\/et_pb_column][\/et_pb_row][\/et_pb_section]\n","protected":false},"excerpt":{"rendered":"<p>Mache dich auf, werde licht; denn dein Licht kommt und dieHerrlichkeit des HERRN geht auf \u00fcber dir.(Jesaja 60, 1) Liebe Gemeinde, das Symbol des Lichts fasziniert mich immer mehr. Vielleicht weil mir immer klarer wird, dass esauch in der gr\u00f6\u00dften Dunkelheit immer ein- und sei es noch so kleines \u2013 Licht gibt. Die Dunkelheitist niemals [&hellip;]<\/p>\n","protected":false},"author":1,"featured_media":692,"comment_status":"closed","ping_status":"closed","sticky":false,"template":"","format":"standard","meta":{"_et_pb_use_builder":"on","_et_pb_old_content":"","_et_gb_content_width":"","footnotes":""},"categories":[8],"tags":[],"class_list":["post-689","post","type-post","status-publish","format-standard","has-post-thumbnail","hentry","category-andacht"],"_links":{"self":[{"href":"https:\/\/ev-ref-kirche-schwalenberg.de\/blog\/wp-json\/wp\/v2\/posts\/689","targetHints":{"allow":["GET"]}}],"collection":[{"href":"https:\/\/ev-ref-kirche-schwalenberg.de\/blog\/wp-json\/wp\/v2\/posts"}],"about":[{"href":"https:\/\/ev-ref-kirche-schwalenberg.de\/blog\/wp-json\/wp\/v2\/types\/post"}],"author":[{"embeddable":true,"href":"https:\/\/ev-ref-kirche-schwalenberg.de\/blog\/wp-json\/wp\/v2\/users\/1"}],"replies":[{"embeddable":true,"href":"https:\/\/ev-ref-kirche-schwalenberg.de\/blog\/wp-json\/wp\/v2\/comments?post=689"}],"version-history":[{"count":3,"href":"https:\/\/ev-ref-kirche-schwalenberg.de\/blog\/wp-json\/wp\/v2\/posts\/689\/revisions"}],"predecessor-version":[{"id":693,"href":"https:\/\/ev-ref-kirche-schwalenberg.de\/blog\/wp-json\/wp\/v2\/posts\/689\/revisions\/693"}],"wp:featuredmedia":[{"embeddable":true,"href":"https:\/\/ev-ref-kirche-schwalenberg.de\/blog\/wp-json\/wp\/v2\/media\/692"}],"wp:attachment":[{"href":"https:\/\/ev-ref-kirche-schwalenberg.de\/blog\/wp-json\/wp\/v2\/media?parent=689"}],"wp:term":[{"taxonomy":"category","embeddable":true,"href":"https:\/\/ev-ref-kirche-schwalenberg.de\/blog\/wp-json\/wp\/v2\/categories?post=689"},{"taxonomy":"post_tag","embeddable":true,"href":"https:\/\/ev-ref-kirche-schwalenberg.de\/blog\/wp-json\/wp\/v2\/tags?post=689"}],"curies":[{"name":"wp","href":"https:\/\/api.w.org\/{rel}","templated":true}]}}