{"id":735,"date":"2025-02-04T15:09:25","date_gmt":"2025-02-04T14:09:25","guid":{"rendered":"https:\/\/ev-ref-kirche-schwalenberg.de\/blog\/?p=735"},"modified":"2025-02-04T15:13:22","modified_gmt":"2025-02-04T14:13:22","slug":"kirchentag-hannover","status":"publish","type":"post","link":"https:\/\/ev-ref-kirche-schwalenberg.de\/blog\/2025\/02\/04\/kirchentag-hannover\/","title":{"rendered":"Kirchentag Hannover"},"content":{"rendered":"\n[et_pb_section fb_built=&#8220;1&#8243; admin_label=&#8220;Blog&#8220; _builder_version=&#8220;4.20.0&#8243; _module_preset=&#8220;default&#8220; background_color=&#8220;#FAF6F5&#8243; collapsed=&#8220;on&#8220; global_colors_info=&#8220;{}&#8220; theme_builder_area=&#8220;post_content&#8220;][et_pb_row _builder_version=&#8220;4.27.4&#8243; _module_preset=&#8220;default&#8220; global_colors_info=&#8220;{}&#8220; theme_builder_area=&#8220;post_content&#8220;][et_pb_column type=&#8220;4_4&#8243; _builder_version=&#8220;4.27.4&#8243; _module_preset=&#8220;default&#8220; global_colors_info=&#8220;{}&#8220; theme_builder_area=&#8220;post_content&#8220;][et_pb_image src=&#8220;https:\/\/ev-ref-kirche-schwalenberg.de\/blog\/wp-content\/uploads\/2025\/02\/kirchentag.png&#8220; title_text=&#8220;kirchentag&#8220; _builder_version=&#8220;4.27.4&#8243; _module_preset=&#8220;default&#8220; hover_enabled=&#8220;0&#8243; global_colors_info=&#8220;{}&#8220; theme_builder_area=&#8220;post_content&#8220; sticky_enabled=&#8220;0&#8243;][\/et_pb_image][\/et_pb_column][\/et_pb_row][\/et_pb_section][et_pb_section fb_built=&#8220;1&#8243; theme_builder_area=&#8220;post_content&#8220; _builder_version=&#8220;4.27.4&#8243; _module_preset=&#8220;default&#8220;][et_pb_row _builder_version=&#8220;4.27.4&#8243; _module_preset=&#8220;default&#8220; theme_builder_area=&#8220;post_content&#8220;][et_pb_column _builder_version=&#8220;4.27.4&#8243; _module_preset=&#8220;default&#8220; type=&#8220;4_4&#8243; theme_builder_area=&#8220;post_content&#8220;][et_pb_text _builder_version=&#8220;4.27.4&#8243; _module_preset=&#8220;default&#8220; theme_builder_area=&#8220;post_content&#8220; hover_enabled=&#8220;0&#8243; sticky_enabled=&#8220;0&#8243;]<h1>mutig \u2013 stark \u2013 beherzt: Kirchentag 2025 in Hannover<\/h1>\n<p>Vom <strong>30. April bis 4. Mai 2025 <\/strong>ist es endlich so weit: Der Deutsche Evangelische Kirchentag kommt zur\u00fcck nach Hannover \u2013 die Stadt, in der die Kirchentagsbewegung 1949 gegr\u00fcndet wurde.<\/p>\n<p>&nbsp;<\/p>\n<p>Bei rund 1.500 Veranstaltungen ist f\u00fcr alle etwas dabei: Teilnehmende k\u00f6nnen sich aus gesellschaftlichen Diskussionen, Bibelarbeiten, interkulturellen Angeboten, gro\u00dfen und kleinen Konzerten, Theaterauff\u00fchrungen, Workshops und vielen weiteren Formaten ein individuelles Programm zusammenstellen, ganz nach ihren eigenen Interessen.<\/p>\n<p>Kirchentag ist einmalig!<\/p>\n<p>Das Allerwichtigste beim Kirchentag sind die Menschen selbst. Die Gemeinschaft und der Austausch untereinander stehen im Mittelpunkt des Geschehens. Egal, ob allein, mit dem Freundeskreis, der Gemeindegruppe oder der eigenen Familie \u2013 \u00fcberall gibt es die M\u00f6glichkeit f\u00fcr Begegnung und gemeinsame Erlebnisse.<\/p>\n<p>Der Kirchentag in Hannover steht dabei unter der Losung <strong>\u201emutig \u2013 stark \u2013 beherzt\u201c<\/strong><\/p>\n<p>(nach 1 Korinther 16, Verse 13 bis 14). Mutig \u2013 stark \u2013 beherzt: So wollen wir \u00fcber die Heraus- forderungen unserer Zeit diskutieren, uns einander zuwenden und gegenseitig im Glauben best\u00e4rken. Seien Sie dabei!<\/p>\n<p>Sichern Sie sich jetzt Ihr Ticket unter <a href=\"https:\/\/kirchentag.de\/tickets\" target=\"_blank\" rel=\"noopener\">kirchentag.de\/tickets<\/a>!<\/p>[\/et_pb_text][\/et_pb_column][\/et_pb_row][\/et_pb_section]\n","protected":false},"excerpt":{"rendered":"<p>mutig \u2013 stark \u2013 beherzt: Kirchentag 2025 in Hannover Vom 30. April bis 4. Mai 2025 ist es endlich so weit: Der Deutsche Evangelische Kirchentag kommt zur\u00fcck nach Hannover \u2013 die Stadt, in der die Kirchentagsbewegung 1949 gegr\u00fcndet wurde. &nbsp; Bei rund 1.500 Veranstaltungen ist f\u00fcr alle etwas dabei: Teilnehmende k\u00f6nnen sich aus gesellschaftlichen Diskussionen, [&hellip;]<\/p>\n","protected":false},"author":1,"featured_media":737,"comment_status":"closed","ping_status":"closed","sticky":false,"template":"","format":"standard","meta":{"_et_pb_use_builder":"on","_et_pb_old_content":"","_et_gb_content_width":"","footnotes":""},"categories":[7,13],"tags":[23,22],"class_list":["post-735","post","type-post","status-publish","format-standard","has-post-thumbnail","hentry","category-aktuelles","category-veranstaltung","tag-hannover","tag-kirchentag"],"_links":{"self":[{"href":"https:\/\/ev-ref-kirche-schwalenberg.de\/blog\/wp-json\/wp\/v2\/posts\/735","targetHints":{"allow":["GET"]}}],"collection":[{"href":"https:\/\/ev-ref-kirche-schwalenberg.de\/blog\/wp-json\/wp\/v2\/posts"}],"about":[{"href":"https:\/\/ev-ref-kirche-schwalenberg.de\/blog\/wp-json\/wp\/v2\/types\/post"}],"author":[{"embeddable":true,"href":"https:\/\/ev-ref-kirche-schwalenberg.de\/blog\/wp-json\/wp\/v2\/users\/1"}],"replies":[{"embeddable":true,"href":"https:\/\/ev-ref-kirche-schwalenberg.de\/blog\/wp-json\/wp\/v2\/comments?post=735"}],"version-history":[{"count":3,"href":"https:\/\/ev-ref-kirche-schwalenberg.de\/blog\/wp-json\/wp\/v2\/posts\/735\/revisions"}],"predecessor-version":[{"id":739,"href":"https:\/\/ev-ref-kirche-schwalenberg.de\/blog\/wp-json\/wp\/v2\/posts\/735\/revisions\/739"}],"wp:featuredmedia":[{"embeddable":true,"href":"https:\/\/ev-ref-kirche-schwalenberg.de\/blog\/wp-json\/wp\/v2\/media\/737"}],"wp:attachment":[{"href":"https:\/\/ev-ref-kirche-schwalenberg.de\/blog\/wp-json\/wp\/v2\/media?parent=735"}],"wp:term":[{"taxonomy":"category","embeddable":true,"href":"https:\/\/ev-ref-kirche-schwalenberg.de\/blog\/wp-json\/wp\/v2\/categories?post=735"},{"taxonomy":"post_tag","embeddable":true,"href":"https:\/\/ev-ref-kirche-schwalenberg.de\/blog\/wp-json\/wp\/v2\/tags?post=735"}],"curies":[{"name":"wp","href":"https:\/\/api.w.org\/{rel}","templated":true}]}}