{"id":852,"date":"2025-12-22T16:02:08","date_gmt":"2025-12-22T15:02:08","guid":{"rendered":"https:\/\/ev-ref-kirche-schwalenberg.de\/blog\/?p=852"},"modified":"2025-12-22T16:02:51","modified_gmt":"2025-12-22T15:02:51","slug":"50-jaehriges-orgeljubilaeum","status":"publish","type":"post","link":"https:\/\/ev-ref-kirche-schwalenberg.de\/blog\/2025\/12\/22\/50-jaehriges-orgeljubilaeum\/","title":{"rendered":"50-j\u00e4hriges Orgeljubil\u00e4um"},"content":{"rendered":"\n[et_pb_section fb_built=&#8220;1&#8243; admin_label=&#8220;Blog&#8220; _builder_version=&#8220;4.20.0&#8243; _module_preset=&#8220;default&#8220; background_color=&#8220;#FAF6F5&#8243; collapsed=&#8220;on&#8220; global_colors_info=&#8220;{}&#8220; theme_builder_area=&#8220;post_content&#8220;][et_pb_row _builder_version=&#8220;4.27.4&#8243; _module_preset=&#8220;default&#8220; global_colors_info=&#8220;{}&#8220; theme_builder_area=&#8220;post_content&#8220;][et_pb_column type=&#8220;4_4&#8243; _builder_version=&#8220;4.27.4&#8243; _module_preset=&#8220;default&#8220; global_colors_info=&#8220;{}&#8220; theme_builder_area=&#8220;post_content&#8220;][et_pb_text _builder_version=&#8220;4.27.4&#8243; _module_preset=&#8220;default&#8220; theme_builder_area=&#8220;post_content&#8220; hover_enabled=&#8220;0&#8243; sticky_enabled=&#8220;0&#8243;]<h3>50 j\u00e4hriges Orgeljubil\u00e4um unserer beiden Organistinnen<br \/>Susanne Kirchhoff und Susanne Stiewe<\/h3>\n<p>Manchmal gehe ich sonntags morgens relativ unsicher zum Gottesdienst. Unsicher, weil ich nicht wei\u00df, ob ich die richtigen Themen gew\u00e4hlt habe, ob sich die GottesdienstbesucherInnen angesprochen f\u00fchlen und etwas mit nach Hause nehmen k\u00f6nnen.<\/p>\n<p>In solchen F\u00e4llen sagt mein Mann immer zu mir: Mach dir keine Sorgen, (eine) Susanne ist ja da. Wenn sie spielt, dann reicht das schon. Dann wird das in jedem<br \/>Fall ein Gottesdienst, der die Menschen ber\u00fchrt.<\/p>\n<p>Und da gebe ich ihm Recht:<br \/>Die beiden Susannes geben uns etwas mit ihrer Musik. Sie erf\u00fcllen oftmals unser Herz, und das nun schon seit 50 Jahren. Was Worte oft nicht sagen k\u00f6nnen, sagen sie uns durch die \u201eK\u00f6nigin der Instrumente\u201c, die Orgel.<\/p>\n<p>Oft h\u00f6re ich es an der Kirchent\u00fcr, aber da man die beiden im Gottesdienst nicht sieht, kommt das Lob vielleicht viel seltener an, als es sollte. Aber zum Gl\u00fcck haben wir die M\u00f6glichkeit, nach dem Orgelnachspiel zu applaudieren. 50 Jahre sind die beiden im n\u00e4chsten Jahr dabei, sie gingen noch zur Schule, als sie f\u00fcr den Orgeldienst gewonnen wurden. Und seitdem sind sie nicht nur im Gottesdienst, sondern auch bei Trauungen und Beerdigungen zu h\u00f6ren.<br \/>Sie transportieren die Stimmung des Anlasses und oft auch das Thema des Sonntages durch ihre Musik. Als Vorspiele zu Gesangbuchliedern gibt es oft eine Filmmusik oder eine Improvisation dazu, und auf diese Weise werden auch die Konfis abgeholt und angesprochen.<\/p>\n<p>So entstehen sogar W\u00fcnsche von bestimmten St\u00fccken zur Konfirmation.<br \/>Wir wollen das 50 j\u00e4hrige Jubil\u00e4um w\u00e4hrend des n\u00e4chsten Jahres mit viel Orgelmusik feierlich begehen. Den Auftakt bildet der Gottesdienst am 1. M\u00e4rz 2026 um 10 Uhr. Im Laufe des Jahres<br \/>werden dann noch Veranstaltungen folgen, die die beiden \u201eOrgel plus\u201c nennen. Darauf werden wir in den n\u00e4chsten Gemeindebriefen aufmerksam machen.<\/p>\n<p>Wir verbleiben in Vorfreude darauf und mit einem gro\u00dfen Vorab-Dankesch\u00f6n f\u00fcr Eure 50 Jahre Orgeldienst.<\/p>\n<p>Margret Noltensmeier<\/p>[\/et_pb_text][\/et_pb_column][\/et_pb_row][\/et_pb_section]\n","protected":false},"excerpt":{"rendered":"<p>50 j\u00e4hriges Orgeljubil\u00e4um unserer beiden OrganistinnenSusanne Kirchhoff und Susanne Stiewe Manchmal gehe ich sonntags morgens relativ unsicher zum Gottesdienst. Unsicher, weil ich nicht wei\u00df, ob ich die richtigen Themen gew\u00e4hlt habe, ob sich die GottesdienstbesucherInnen angesprochen f\u00fchlen und etwas mit nach Hause nehmen k\u00f6nnen. In solchen F\u00e4llen sagt mein Mann immer zu mir: Mach dir [&hellip;]<\/p>\n","protected":false},"author":1,"featured_media":856,"comment_status":"closed","ping_status":"closed","sticky":false,"template":"","format":"standard","meta":{"_et_pb_use_builder":"on","_et_pb_old_content":"","_et_gb_content_width":"","footnotes":""},"categories":[7,1,13],"tags":[],"class_list":["post-852","post","type-post","status-publish","format-standard","has-post-thumbnail","hentry","category-aktuelles","category-allgemein","category-veranstaltung"],"_links":{"self":[{"href":"https:\/\/ev-ref-kirche-schwalenberg.de\/blog\/wp-json\/wp\/v2\/posts\/852","targetHints":{"allow":["GET"]}}],"collection":[{"href":"https:\/\/ev-ref-kirche-schwalenberg.de\/blog\/wp-json\/wp\/v2\/posts"}],"about":[{"href":"https:\/\/ev-ref-kirche-schwalenberg.de\/blog\/wp-json\/wp\/v2\/types\/post"}],"author":[{"embeddable":true,"href":"https:\/\/ev-ref-kirche-schwalenberg.de\/blog\/wp-json\/wp\/v2\/users\/1"}],"replies":[{"embeddable":true,"href":"https:\/\/ev-ref-kirche-schwalenberg.de\/blog\/wp-json\/wp\/v2\/comments?post=852"}],"version-history":[{"count":3,"href":"https:\/\/ev-ref-kirche-schwalenberg.de\/blog\/wp-json\/wp\/v2\/posts\/852\/revisions"}],"predecessor-version":[{"id":857,"href":"https:\/\/ev-ref-kirche-schwalenberg.de\/blog\/wp-json\/wp\/v2\/posts\/852\/revisions\/857"}],"wp:featuredmedia":[{"embeddable":true,"href":"https:\/\/ev-ref-kirche-schwalenberg.de\/blog\/wp-json\/wp\/v2\/media\/856"}],"wp:attachment":[{"href":"https:\/\/ev-ref-kirche-schwalenberg.de\/blog\/wp-json\/wp\/v2\/media?parent=852"}],"wp:term":[{"taxonomy":"category","embeddable":true,"href":"https:\/\/ev-ref-kirche-schwalenberg.de\/blog\/wp-json\/wp\/v2\/categories?post=852"},{"taxonomy":"post_tag","embeddable":true,"href":"https:\/\/ev-ref-kirche-schwalenberg.de\/blog\/wp-json\/wp\/v2\/tags?post=852"}],"curies":[{"name":"wp","href":"https:\/\/api.w.org\/{rel}","templated":true}]}}